{"id":10062,"date":"2021-12-10T23:25:18","date_gmt":"2021-12-10T22:25:18","guid":{"rendered":"https:\/\/www.lagora-edhec.com\/?p=10062"},"modified":"2021-12-10T23:25:18","modified_gmt":"2021-12-10T22:25:18","slug":"revenir-en-campagne-lagora-recoit-jean-lassalle","status":"publish","type":"post","link":"https:\/\/www.lagora-edhec.com\/?p=10062","title":{"rendered":"Revenir en campagne, l&rsquo;Agora re\u00e7oit Jean Lassalle."},"content":{"rendered":"\n<h1 class=\"has-text-align-center wp-block-heading\">Revenir en campagne, l&rsquo;Agora re\u00e7oit Jean Lassalle.<\/h1>\n\n\n\n<div class=\"wp-block-image\"><figure class=\"aligncenter size-full is-resized\"><img decoding=\"async\" src=\"https:\/\/www.lagora-edhec.com\/wp-content\/uploads\/47B43173-DEFD-4F0F-B610-9B1C54F601A9-edited-scaled.jpeg\" alt=\"\" class=\"wp-image-10064\" width=\"693\" srcset=\"https:\/\/www.lagora-edhec.com\/wp-content\/uploads\/47B43173-DEFD-4F0F-B610-9B1C54F601A9-edited-scaled.jpeg 2560w, https:\/\/www.lagora-edhec.com\/wp-content\/uploads\/47B43173-DEFD-4F0F-B610-9B1C54F601A9-edited-300x169.jpeg 300w, https:\/\/www.lagora-edhec.com\/wp-content\/uploads\/47B43173-DEFD-4F0F-B610-9B1C54F601A9-edited-768x432.jpeg 768w, https:\/\/www.lagora-edhec.com\/wp-content\/uploads\/47B43173-DEFD-4F0F-B610-9B1C54F601A9-edited-1536x864.jpeg 1536w, https:\/\/www.lagora-edhec.com\/wp-content\/uploads\/47B43173-DEFD-4F0F-B610-9B1C54F601A9-edited-2048x1152.jpeg 2048w\" sizes=\"(max-width: 2560px) 100vw, 2560px\" \/><\/figure><\/div>\n\n\n\n<p>Conf\u00e9rence de l\u2019Agora&nbsp;: <strong>Jean Lassalle<\/strong>, d\u00e9put\u00e9 fran\u00e7ais depuis 2002 et \u00e0 nouveau candidat \u00e0 la pr\u00e9sidentielle, \u00e9tait re\u00e7u le <strong>2 d\u00e9cembre 2021<\/strong> par l\u2019Agora-tribune \u00e9tudiante de l\u2019EDHEC Business School.<\/p>\n\n\n\n<p><em>Un engagement politique pr\u00e9coce&nbsp;<\/em><\/p>\n\n\n\n<p>Fils de berger, Jean Lassalle na\u00eet en 1955 \u00e0 Lourdios-Ich\u00e8re au Pays Basque. Alors qu\u2019il se destinait \u00e0 devenir technicien agricole, ce jeune b\u00e9arnais s\u2019engage en politique afin de combattre l\u2019injustice contre laquelle il nourrit une \u00ab&nbsp;<em>haine pr\u00e9coce<\/em>&nbsp;\u00bb. Jean Lassalle devient \u00e0 vingt-et-un ans le maire le plus jeune de France et rejoint le Modem \u00e0 sa cr\u00e9ation en 2007. Cette bataille contre l\u2019injustice le poussera m\u00eame \u00e0 mettre sa sant\u00e9 en p\u00e9ril en 2006, ann\u00e9e durant laquelle il entame une gr\u00e8ve de la faim afin d\u2019emp\u00eacher la d\u00e9localisation d\u2019une usine Toyal qui employait cent cinquante salari\u00e9s. C\u2019\u00e9tait \u00ab&nbsp;<em>l\u2019une des usines qui [rapportait] le plus d\u2019argent \u00e0 l\u2019\u00e9poque en France<\/em>&nbsp;\u00bb. Cette lutte qui opposait Jean Lassalle et Thierry Desmarest, \u00e0 l\u2019\u00e9poque Pr\u00e9sident Directeur G\u00e9n\u00e9ral de Total, s\u2019ach\u00e8vera un mois plus tard par la signature d\u2019un accord avec le groupe Japonais depuis son lit d\u2019h\u00f4pital. Quinze ans plus tard ce fils de berger explique que cette gr\u00e8ve de la faim \u00e9tait pour lui un moyen de se mesurer \u00e0 lui-m\u00eame et affirme&nbsp;:&nbsp;\u00ab&nbsp;<em>j\u2019ai toujours su que je vivrais et que je gagnerai parce que je le voulais plus qu\u2019eux<\/em>&nbsp;\u00bb.&nbsp;<\/p>\n\n\n\n<p><em>Le combat continue<\/em><\/p>\n\n\n\n<p>\u00ab&nbsp;<em>Je ne supporte pas la situation dans laquelle se trouve mon pays ch\u00e9ri. [\u2026] Je me repr\u00e9sente pour apporter ma contribution<\/em>&nbsp;\u00bb&nbsp;: Jean Lassalle souhaite que la politique redevienne l\u2019expression des choix d\u2019un collectif et non de quelques \u00e9lites.&nbsp; Selon le candidat \u00e0 la pr\u00e9sidentielle, l\u2019industrie et l\u2019agriculture n\u2019existent plus car les diff\u00e9rentes d\u00e9localisations ont affaibli l\u2019industrie fran\u00e7aise qui a perdu des secteurs clefs et une main d\u2019\u0153uvre qualifi\u00e9e. Les politiques europ\u00e9ennes, au premier rang desquelles la Politique Agricole Commune, ont introduit une \u00ab&nbsp;<em>planification f\u00e9roce<\/em>&nbsp;\u00bb qui a entrain\u00e9 un remplacement de l\u2019humain par la machine.&nbsp; Il souhaite donc dynamiser l\u2019\u00e9conomie fran\u00e7aise en d\u00e9veloppant davantage l\u2019apprentissage et explique qu\u2019il est n\u00e9cessaire d\u2019encourager une formation bivalente \u00e0 la fois th\u00e9orique et pratique comme l\u2019alternance. La sensibilisation des jeunes aux diff\u00e9rents m\u00e9tiers qu\u2019ils peuvent exercer et le soutien des entreprises qui acceptent d\u2019employer ces jeunes en formation permettront d\u2019atteindre cet objectif. Ainsi, le candidat \u00e0 la pr\u00e9sidentielle souhaite que \u00ab&nbsp;<em>la France retrouve une part d\u2019autonomie absolument n\u00e9cessaire dans ses choix<\/em> \u00bb. Enfin, Jean Lassalle veut revoir le maillage du territoire en am\u00e9liorant les liens et relations entre&nbsp; le monde rural et le monde urbain. Il appelle donc la jeunesse \u00e0 se mobiliser car il l\u2019estime \u00eatre force de proposition pour le monde de demain.<\/p>\n\n\n\n<p>Vous pouvez retrouver la conf\u00e9rence de Jean Lassalle en int\u00e9gralit\u00e9 sur notre cha\u00eene YouTube&nbsp;: @L\u2019Agora&nbsp;; et nous vous invitons aussi \u00e0 suivre l\u2019actualit\u00e9 de l\u2019Agora en continu en vous abonnant \u00e0 nos r\u00e9seaux sociaux&nbsp;: Facebook, LinkedIn, Instagram et Twitter.<\/p>\n","protected":false},"excerpt":{"rendered":"<p>Revenir en campagne, l&rsquo;Agora re\u00e7oit Jean Lassalle. Conf\u00e9rence de l\u2019Agora&nbsp;: Jean Lassalle, d\u00e9put\u00e9 fran\u00e7ais depuis 2002 et \u00e0 nouveau candidat \u00e0 la pr\u00e9sidentielle, \u00e9tait re\u00e7u le 2 d\u00e9cembre 2021 par l\u2019Agora-tribune \u00e9tudiante de l\u2019EDHEC Business School. Un engagement politique pr\u00e9coce&nbsp; Fils de berger, Jean Lassalle na\u00eet en 1955 \u00e0 Lourdios-Ich\u00e8re au Pays Basque. Alors qu\u2019il [&hellip;]<\/p>\n","protected":false},"author":39,"featured_media":0,"comment_status":"closed","ping_status":"closed","sticky":false,"template":"","format":"standard","meta":{"footnotes":""},"categories":[3],"tags":[],"class_list":["post-10062","post","type-post","status-publish","format-standard","hentry","category-conferences"],"_links":{"self":[{"href":"https:\/\/www.lagora-edhec.com\/index.php?rest_route=\/wp\/v2\/posts\/10062","targetHints":{"allow":["GET"]}}],"collection":[{"href":"https:\/\/www.lagora-edhec.com\/index.php?rest_route=\/wp\/v2\/posts"}],"about":[{"href":"https:\/\/www.lagora-edhec.com\/index.php?rest_route=\/wp\/v2\/types\/post"}],"author":[{"embeddable":true,"href":"https:\/\/www.lagora-edhec.com\/index.php?rest_route=\/wp\/v2\/users\/39"}],"replies":[{"embeddable":true,"href":"https:\/\/www.lagora-edhec.com\/index.php?rest_route=%2Fwp%2Fv2%2Fcomments&post=10062"}],"version-history":[{"count":2,"href":"https:\/\/www.lagora-edhec.com\/index.php?rest_route=\/wp\/v2\/posts\/10062\/revisions"}],"predecessor-version":[{"id":10066,"href":"https:\/\/www.lagora-edhec.com\/index.php?rest_route=\/wp\/v2\/posts\/10062\/revisions\/10066"}],"wp:attachment":[{"href":"https:\/\/www.lagora-edhec.com\/index.php?rest_route=%2Fwp%2Fv2%2Fmedia&parent=10062"}],"wp:term":[{"taxonomy":"category","embeddable":true,"href":"https:\/\/www.lagora-edhec.com\/index.php?rest_route=%2Fwp%2Fv2%2Fcategories&post=10062"},{"taxonomy":"post_tag","embeddable":true,"href":"https:\/\/www.lagora-edhec.com\/index.php?rest_route=%2Fwp%2Fv2%2Ftags&post=10062"}],"curies":[{"name":"wp","href":"https:\/\/api.w.org\/{rel}","templated":true}]}}